{"id":38,"date":"2020-01-01T19:00:28","date_gmt":"2020-01-01T19:00:28","guid":{"rendered":"http:\/\/skruttanoarne.se\/?p=38"},"modified":"2020-01-01T19:00:28","modified_gmt":"2020-01-01T19:00:28","slug":"klimatkris-eller-klimatdepression","status":"publish","type":"post","link":"https:\/\/skruttanoarne.se\/?p=38","title":{"rendered":"Klimatkris eller klimatdepression"},"content":{"rendered":"\n<p>Vi \u00e4r mitt i en klimatkris \u00e4ven om m\u00e5nga f\u00f6rnekar det. Jag g\u00f6r det ocks\u00e5 fast jag l\u00e5tsas som om jag inte g\u00f6r det. Men att bli klimatsmart k\u00e4nns tungt och alldeles f\u00f6r sv\u00e5rt. Tar man sm\u00e5 sm\u00e5 steg i r\u00e4tt riktning s\u00e5 hj\u00e4lper inte det f\u00f6r d\u00e5 kanske vi g\u00f6r av med tv\u00e5 jordglobar ist\u00e4llet f\u00f6r tre och det \u00e4r ju inte l\u00f6nt. Vill man ta ett stort steg s\u00e5 \u00e4r det alldeles og\u00f6rligt f\u00f6r samh\u00e4llet \u00e4r inte uppbyggt klimatsmart. Det skapar en klimatdepression hos mig som g\u00f6r att jag inte ens vill f\u00f6rs\u00f6ka bli klimatsmart.<\/p>\n","protected":false},"excerpt":{"rendered":"<p>Vi \u00e4r mitt i en klimatkris \u00e4ven om m\u00e5nga f\u00f6rnekar det. Jag g\u00f6r det ocks\u00e5 fast jag l\u00e5tsas som om jag inte g\u00f6r det. Men att bli klimatsmart k\u00e4nns tungt och alldeles f\u00f6r sv\u00e5rt. Tar man sm\u00e5 sm\u00e5 steg i r\u00e4tt riktning s\u00e5 hj\u00e4lper inte det f\u00f6r d\u00e5 kanske vi g\u00f6r av med tv\u00e5 jordglobar [&hellip;]<\/p>\n","protected":false},"author":2,"featured_media":0,"comment_status":"open","ping_status":"open","sticky":false,"template":"","format":"standard","meta":{"footnotes":""},"categories":[1],"tags":[6],"class_list":["post-38","post","type-post","status-publish","format-standard","hentry","category-uncategorized","tag-klimatkris"],"_links":{"self":[{"href":"https:\/\/skruttanoarne.se\/index.php?rest_route=\/wp\/v2\/posts\/38","targetHints":{"allow":["GET"]}}],"collection":[{"href":"https:\/\/skruttanoarne.se\/index.php?rest_route=\/wp\/v2\/posts"}],"about":[{"href":"https:\/\/skruttanoarne.se\/index.php?rest_route=\/wp\/v2\/types\/post"}],"author":[{"embeddable":true,"href":"https:\/\/skruttanoarne.se\/index.php?rest_route=\/wp\/v2\/users\/2"}],"replies":[{"embeddable":true,"href":"https:\/\/skruttanoarne.se\/index.php?rest_route=%2Fwp%2Fv2%2Fcomments&post=38"}],"version-history":[{"count":1,"href":"https:\/\/skruttanoarne.se\/index.php?rest_route=\/wp\/v2\/posts\/38\/revisions"}],"predecessor-version":[{"id":39,"href":"https:\/\/skruttanoarne.se\/index.php?rest_route=\/wp\/v2\/posts\/38\/revisions\/39"}],"wp:attachment":[{"href":"https:\/\/skruttanoarne.se\/index.php?rest_route=%2Fwp%2Fv2%2Fmedia&parent=38"}],"wp:term":[{"taxonomy":"category","embeddable":true,"href":"https:\/\/skruttanoarne.se\/index.php?rest_route=%2Fwp%2Fv2%2Fcategories&post=38"},{"taxonomy":"post_tag","embeddable":true,"href":"https:\/\/skruttanoarne.se\/index.php?rest_route=%2Fwp%2Fv2%2Ftags&post=38"}],"curies":[{"name":"wp","href":"https:\/\/api.w.org\/{rel}","templated":true}]}}